{"id":9782,"date":"2024-06-06T07:50:38","date_gmt":"2024-06-06T12:50:38","guid":{"rendered":"http:\/\/www.salesianos-tulua.edu.co\/sjb\/?p=9782"},"modified":"2024-06-06T07:56:00","modified_gmt":"2024-06-06T12:56:00","slug":"flag-raising-ceremony-by-the-english-department","status":"publish","type":"post","link":"https:\/\/www.salesianos-tulua.edu.co\/sjb\/flag-raising-ceremony-by-the-english-department\/","title":{"rendered":"Flag-Raising Ceremony by the English Department"},"content":{"rendered":"\t\t<div data-elementor-type=\"wp-post\" data-elementor-id=\"9782\" class=\"elementor elementor-9782\" data-elementor-post-type=\"post\">\n\t\t\t\t<div class=\"elementor-element elementor-element-29ba8c5 e-flex e-con-boxed e-con e-parent\" data-id=\"29ba8c5\" data-element_type=\"container\" data-e-type=\"container\">\n\t\t\t\t\t<div class=\"e-con-inner\">\n\t\t\t\t<div class=\"elementor-element elementor-element-b6ddfd5 elementor-widget elementor-widget-text-editor\" data-id=\"b6ddfd5\" data-element_type=\"widget\" data-e-type=\"widget\" data-widget_type=\"text-editor.default\">\n\t\t\t\t<div class=\"elementor-widget-container\">\n\t\t\t\t\t\t\t\t\t<p align=\"justify\"> El pasado 9 de mayo, nuestro Colegio Salesiano tuvo el honor de celebrar una emotiva izada de bandera organizada por el \u00e1rea de ingl\u00e9s. Este evento fue una excelente oportunidad para destacar la importancia del aprendizaje de idiomas y para reconocer los logros de nuestros estudiantes en esta \u00e1rea fundamental.\n<\/p><p align=\"justify\">\nLa ceremonia cont\u00f3 con diversas actividades que reflejaron la diversidad cultural y la riqueza ling\u00fc\u00edstica del ingl\u00e9s. Nuestros talentosos estudiantes presentaron discursos, obras teatrales y canciones, demostrando no solo su dominio del idioma, sino tambi\u00e9n su creatividad y dedicaci\u00f3n.\n<\/p><p align=\"justify\">\nEl evento fue un \u00e9xito rotundo gracias al esfuerzo conjunto de los profesores del \u00e1rea de ingl\u00e9s y el entusiasmo de los estudiantes. Agradecemos a todos los que asistieron y apoyaron esta actividad tan significativa para nuestra comunidad educativa.\n<\/p><p align=\"justify\">\nEste tipo de eventos no solo fortalecen el aprendizaje de nuestros alumnos, sino que tambi\u00e9n fomentan un ambiente de respeto y aprecio por la diversidad cultural. Continuaremos promoviendo actividades que enriquezcan la formaci\u00f3n integral de nuestros estudiantes y que reflejen los valores de nuestro Colegio Salesiano.<\/p>\t\t\t\t\t\t\t\t<\/div>\n\t\t\t\t<\/div>\n\t\t\t\t\t<\/div>\n\t\t\t\t<\/div>\n\t\t<div class=\"elementor-element elementor-element-db00b24 e-flex e-con-boxed e-con e-parent\" data-id=\"db00b24\" data-element_type=\"container\" data-e-type=\"container\">\n\t\t\t\t\t<div class=\"e-con-inner\">\n\t\t\t\t<div class=\"elementor-element elementor-element-30a6c42 elementor-widget elementor-widget-gallery\" data-id=\"30a6c42\" data-element_type=\"widget\" data-e-type=\"widget\" data-settings=\"{&quot;gallery_layout&quot;:&quot;masonry&quot;,&quot;lazyload&quot;:&quot;yes&quot;,&quot;columns&quot;:4,&quot;columns_tablet&quot;:2,&quot;columns_mobile&quot;:1,&quot;gap&quot;:{&quot;unit&quot;:&quot;px&quot;,&quot;size&quot;:10,&quot;sizes&quot;:[]},&quot;gap_tablet&quot;:{&quot;unit&quot;:&quot;px&quot;,&quot;size&quot;:10,&quot;sizes&quot;:[]},&quot;gap_mobile&quot;:{&quot;unit&quot;:&quot;px&quot;,&quot;size&quot;:10,&quot;sizes&quot;:[]},&quot;link_to&quot;:&quot;file&quot;,&quot;overlay_background&quot;:&quot;yes&quot;,&quot;content_hover_animation&quot;:&quot;fade-in&quot;}\" data-widget_type=\"gallery.default\">\n\t\t\t\t<div class=\"elementor-widget-container\">\n\t\t\t\t\t\t\t<div class=\"elementor-gallery__container\">\n\t\t\t\t\t<\/div>\n\t\t\t\t\t<\/div>\n\t\t\t\t<\/div>\n\t\t\t\t\t<\/div>\n\t\t\t\t<\/div>\n\t\t\t\t<\/div>\n\t\t","protected":false},"excerpt":{"rendered":"<p>El pasado 9 de mayo, nuestro Colegio Salesiano tuvo el honor de celebrar una emotiva izada de bandera organizada por el \u00e1rea de ingl\u00e9s. Este evento fue una excelente oportunidad&hellip;<\/p>\n","protected":false},"author":1,"featured_media":0,"comment_status":"closed","ping_status":"closed","sticky":false,"template":"","format":"standard","meta":{"footnotes":""},"categories":[2],"tags":[],"class_list":["post-9782","post","type-post","status-publish","format-standard","hentry","category-actualidad"],"featured_image_urls":{"full":"","thumbnail":"","medium":"","medium_large":"","large":"","1536x1536":"","2048x2048":""},"author_info":{"display_name":"Admin","author_link":"https:\/\/www.salesianos-tulua.edu.co\/sjb\/author\/admin\/"},"category_info":"<a href=\"https:\/\/www.salesianos-tulua.edu.co\/sjb\/category\/actualidad\/\" rel=\"category tag\">Actualidad Salesiana<\/a>","tag_info":"Actualidad Salesiana","comment_count":"0","_links":{"self":[{"href":"https:\/\/www.salesianos-tulua.edu.co\/sjb\/wp-json\/wp\/v2\/posts\/9782","targetHints":{"allow":["GET"]}}],"collection":[{"href":"https:\/\/www.salesianos-tulua.edu.co\/sjb\/wp-json\/wp\/v2\/posts"}],"about":[{"href":"https:\/\/www.salesianos-tulua.edu.co\/sjb\/wp-json\/wp\/v2\/types\/post"}],"author":[{"embeddable":true,"href":"https:\/\/www.salesianos-tulua.edu.co\/sjb\/wp-json\/wp\/v2\/users\/1"}],"replies":[{"embeddable":true,"href":"https:\/\/www.salesianos-tulua.edu.co\/sjb\/wp-json\/wp\/v2\/comments?post=9782"}],"version-history":[{"count":3,"href":"https:\/\/www.salesianos-tulua.edu.co\/sjb\/wp-json\/wp\/v2\/posts\/9782\/revisions"}],"predecessor-version":[{"id":9788,"href":"https:\/\/www.salesianos-tulua.edu.co\/sjb\/wp-json\/wp\/v2\/posts\/9782\/revisions\/9788"}],"wp:attachment":[{"href":"https:\/\/www.salesianos-tulua.edu.co\/sjb\/wp-json\/wp\/v2\/media?parent=9782"}],"wp:term":[{"taxonomy":"category","embeddable":true,"href":"https:\/\/www.salesianos-tulua.edu.co\/sjb\/wp-json\/wp\/v2\/categories?post=9782"},{"taxonomy":"post_tag","embeddable":true,"href":"https:\/\/www.salesianos-tulua.edu.co\/sjb\/wp-json\/wp\/v2\/tags?post=9782"}],"curies":[{"name":"wp","href":"https:\/\/api.w.org\/{rel}","templated":true}]}}